{"id":7549,"date":"2023-03-01T05:15:00","date_gmt":"2023-03-01T04:15:00","guid":{"rendered":"http:\/\/historie.zasova.info\/subdom\/historie\/?p=7549"},"modified":"2023-03-07T11:38:42","modified_gmt":"2023-03-07T10:38:42","slug":"zivot-v-radu-neni-nuda","status":"publish","type":"post","link":"http:\/\/historie.zasova.info\/subdom\/historie\/zivot-v-radu-neni-nuda\/","title":{"rendered":"\u017divot v \u0159\u00e1du nen\u00ed nuda &#8230;"},"content":{"rendered":"\n<div class=\"x11i5rnm xat24cr x1mh8g0r x1vvkbs xdj266r x126k92a\">\n<div dir=\"auto\">Pokra\u010dujeme v cyklu leto\u0161n\u00edch jarn\u00edch p\u0159edn\u00e1\u0161ek &#8230;<\/div>\n<\/div>\n<p><!--more-->M\u00e1me radost, \u017ee na\u0161e pozv\u00e1n\u00ed do Za\u0161ov\u00e9 p\u0159ijala b\u00fdval\u00e1 gener\u00e1ln\u00ed p\u0159edstaven\u00e1 \u0160kolsk\u00fdch sester de Notre Dame sestra Ane\u017eka Bedn\u00e1\u0159ov\u00e1. Sestry t\u00e9to kongregace toti\u017e v Za\u0161ov\u00e9 n\u011bkolik desetilet\u00ed p\u016fsobily, u\u010dily ve zdej\u0161\u00ed \u00fastavn\u00ed \u0161kole a staraly se i o klienty domova d\u016fchodc\u016f. Beseda se sestrou Ane\u017ekou se uskute\u010dn\u00ed v s\u00e1le Kulturn\u00edho domu Za\u0161ov\u00e1 v \u00fater\u00fd 7. b\u0159ezna v 17 hodin.\u00a0 Srde\u010dn\u011b zveme.<br \/>O set\u0159i\u010dk\u00e1ch najdete zm\u00ednky zde &#8211; <a href=\"http:\/\/historie.zasova.info\/subdom\/historie\/zasovske-sestricky-serial-dil-i\/\">d\u00edl 1<\/a>\u00a0 <a href=\"http:\/\/historie.zasova.info\/subdom\/historie\/zasovske-sestricky-serial-dil-ii\/\">d\u00edl 2<\/a>\u00a0\u00a0 <a href=\"http:\/\/historie.zasova.info\/subdom\/historie\/zasovske-sestricky-serial-dil-iii\/\">d\u00edl3<\/a><br \/><img decoding=\"async\" loading=\"lazy\" class=\"alignnone size-large wp-image-7550\" src=\"http:\/\/historie.zasova.info\/subdom\/historie\/wp-content\/uploads\/2023\/02\/Zivot-v-radu-neni-nuda-724x1024.jpeg\" alt=\"\" width=\"550\" height=\"778\" srcset=\"http:\/\/historie.zasova.info\/subdom\/historie\/wp-content\/uploads\/2023\/02\/Zivot-v-radu-neni-nuda-724x1024.jpeg 724w, http:\/\/historie.zasova.info\/subdom\/historie\/wp-content\/uploads\/2023\/02\/Zivot-v-radu-neni-nuda-212x300.jpeg 212w, http:\/\/historie.zasova.info\/subdom\/historie\/wp-content\/uploads\/2023\/02\/Zivot-v-radu-neni-nuda-768x1086.jpeg 768w, http:\/\/historie.zasova.info\/subdom\/historie\/wp-content\/uploads\/2023\/02\/Zivot-v-radu-neni-nuda-1087x1536.jpeg 1087w, http:\/\/historie.zasova.info\/subdom\/historie\/wp-content\/uploads\/2023\/02\/Zivot-v-radu-neni-nuda-1449x2048.jpeg 1449w, http:\/\/historie.zasova.info\/subdom\/historie\/wp-content\/uploads\/2023\/02\/Zivot-v-radu-neni-nuda.jpeg 1547w\" sizes=\"(max-width: 550px) 100vw, 550px\" \/><\/p>\n<div class=\"x11i5rnm xat24cr x1mh8g0r x1vvkbs xdj266r x126k92a\">\n<div dir=\"auto\">\u00a0<\/div>\n<\/div>\n","protected":false},"excerpt":{"rendered":"<p>Pokra\u010dujeme v cyklu leto\u0161n\u00edch jarn\u00edch p\u0159edn\u00e1\u0161ek &#8230;<\/p>\n","protected":false},"author":2,"featured_media":7550,"comment_status":"closed","ping_status":"closed","sticky":false,"template":"","format":"standard","meta":{"_links_to":"","_links_to_target":""},"categories":[36,39,43],"tags":[55],"_links":{"self":[{"href":"http:\/\/historie.zasova.info\/subdom\/historie\/wp-json\/wp\/v2\/posts\/7549"}],"collection":[{"href":"http:\/\/historie.zasova.info\/subdom\/historie\/wp-json\/wp\/v2\/posts"}],"about":[{"href":"http:\/\/historie.zasova.info\/subdom\/historie\/wp-json\/wp\/v2\/types\/post"}],"author":[{"embeddable":true,"href":"http:\/\/historie.zasova.info\/subdom\/historie\/wp-json\/wp\/v2\/users\/2"}],"replies":[{"embeddable":true,"href":"http:\/\/historie.zasova.info\/subdom\/historie\/wp-json\/wp\/v2\/comments?post=7549"}],"version-history":[{"count":9,"href":"http:\/\/historie.zasova.info\/subdom\/historie\/wp-json\/wp\/v2\/posts\/7549\/revisions"}],"predecessor-version":[{"id":7620,"href":"http:\/\/historie.zasova.info\/subdom\/historie\/wp-json\/wp\/v2\/posts\/7549\/revisions\/7620"}],"wp:featuredmedia":[{"embeddable":true,"href":"http:\/\/historie.zasova.info\/subdom\/historie\/wp-json\/wp\/v2\/media\/7550"}],"wp:attachment":[{"href":"http:\/\/historie.zasova.info\/subdom\/historie\/wp-json\/wp\/v2\/media?parent=7549"}],"wp:term":[{"taxonomy":"category","embeddable":true,"href":"http:\/\/historie.zasova.info\/subdom\/historie\/wp-json\/wp\/v2\/categories?post=7549"},{"taxonomy":"post_tag","embeddable":true,"href":"http:\/\/historie.zasova.info\/subdom\/historie\/wp-json\/wp\/v2\/tags?post=7549"}],"curies":[{"name":"wp","href":"https:\/\/api.w.org\/{rel}","templated":true}]}}